{"id":825,"date":"2022-08-30T21:17:54","date_gmt":"2022-08-30T19:17:54","guid":{"rendered":"https:\/\/eicks.de\/?p=825"},"modified":"2022-08-30T21:19:10","modified_gmt":"2022-08-30T19:19:10","slug":"10-elbinsel-kunst-und-ateliertage","status":"publish","type":"post","link":"https:\/\/eicks.de\/index.php\/2022\/08\/30\/10-elbinsel-kunst-und-ateliertage\/","title":{"rendered":"10. Elbinsel Kunst- und Ateliertage"},"content":{"rendered":"\n<p>Am 24.+25.09.2022 zeige ich meine Arbeiten mit dem Titel &#8222;<a href=\"https:\/\/eicks.de\/index.php\/kreative-fotografie\/light-painting-mit-kindern\/\" data-type=\"URL\" data-id=\"https:\/\/eicks.de\/index.php\/kreative-fotografie\/light-painting-mit-kindern\/\">Glurns \u2013 Familienkompatible Fotografie<\/a>&#8220; im Rahmen der <a href=\"http:\/\/www.kunst-und-ateliertage.de\" data-type=\"URL\" data-id=\"www.kunst-und-ateliertage.de\">Elbinsel Kunst- und Ateliertage<\/a> im <a href=\"http:\/\/www.kuenstlerhaus-georgswerder.de\/\">K\u00fcnstlerhaus Georgswerder<\/a>, Rahmwerder Stra\u00dfe 3, 21109 Hamburg. Die Ausstellung ist jeweils von 14:00\u201318:00 Uhr ge\u00f6ffnet.<\/p>\n\n\n\n<figure class=\"wp-block-image size-medium\"><a href=\"http:\/\/www.kunst-und-ateliertage.de\"><img loading=\"lazy\" decoding=\"async\" width=\"213\" height=\"300\" src=\"https:\/\/eicks.de\/wp-content\/uploads\/2022\/08\/Flyer_Ateliertage_22-213x300.png\" alt=\"\" class=\"wp-image-827\" srcset=\"https:\/\/eicks.de\/wp-content\/uploads\/2022\/08\/Flyer_Ateliertage_22-213x300.png 213w, https:\/\/eicks.de\/wp-content\/uploads\/2022\/08\/Flyer_Ateliertage_22-726x1024.png 726w, https:\/\/eicks.de\/wp-content\/uploads\/2022\/08\/Flyer_Ateliertage_22-768x1083.png 768w, https:\/\/eicks.de\/wp-content\/uploads\/2022\/08\/Flyer_Ateliertage_22-1090x1536.png 1090w, https:\/\/eicks.de\/wp-content\/uploads\/2022\/08\/Flyer_Ateliertage_22.png 1240w\" sizes=\"auto, (max-width: 213px) 100vw, 213px\" \/><\/a><\/figure>\n\n\n\n<p>Au\u00dferdem stellen dort folgenden K\u00fcnstlerinnen und K\u00fcnstler aus:<\/p>\n\n\n\n<ul class=\"wp-block-list\"><li><strong>Eitan Katz<\/strong>, Malerei, <a href=\"http:\/\/www.eitanjkatz.wix.com\" data-type=\"URL\" data-id=\"www.eitanjkatz.wix.com\">www.eitanjkatz.wix.com<\/a>, <a href=\"http:\/\/www.art-aid.de\" data-type=\"URL\" data-id=\"www.art-aid.de\">www.art-aid.de<\/a>, eitan.j.katz@gmail.com.<\/li><li><strong>Leonid Kharlamov<\/strong>, Malerei, lehrum@web.de<\/li><li><strong>Katarina Jensen<\/strong>, Piselotten &amp; Upcycling Design, Instagram: katarina.jensen.piselotten<\/li><li><strong>Mathias Nuss<\/strong>, Malerei, Zeichnung, lina.brake@t-online.de<\/li><li><strong>Uwe Peters<\/strong>, Gem\u00e4lde, Ufo271690@gmail.com<\/li><li><strong>Irmela Petersen<\/strong>, Zeichnung, Malerei, Monotypie, <a href=\"http:\/\/www.irmelapetersen.de\" data-type=\"URL\" data-id=\"www.irmelapetersen.de\">www.irmelapetersen.de<\/a>, irmelapetersen@gmail.com <\/li><li><strong>Gloria van Krimpen<\/strong>, Malerei &amp; Installation, <a href=\"http:\/\/www.gloriavankrimpen.de\" data-type=\"URL\" data-id=\"www.gloriavankrimpen.de\">www.gloriavankrimpen.de<\/a><\/li><\/ul>\n","protected":false},"excerpt":{"rendered":"<p>Am 24.+25.09.2022 zeige ich meine Arbeiten mit dem Titel &#8222;Glurns \u2013 Familienkompatible Fotografie&#8220; im Rahmen der Elbinsel Kunst- und Ateliertage im K\u00fcnstlerhaus Georgswerder, Rahmwerder Stra\u00dfe 3, 21109 Hamburg. Die Ausstellung ist jeweils von 14:00\u201318:00 Uhr ge\u00f6ffnet. Au\u00dferdem stellen dort folgenden K\u00fcnstlerinnen und K\u00fcnstler aus: Eitan Katz, Malerei, www.eitanjkatz.wix.com, www.art-aid.de, eitan.j.katz@gmail.com. Leonid Kharlamov, Malerei, lehrum@web.de Katarina &hellip; <\/p>\n<p class=\"link-more\"><a href=\"https:\/\/eicks.de\/index.php\/2022\/08\/30\/10-elbinsel-kunst-und-ateliertage\/\" class=\"more-link\"><span class=\"screen-reader-text\">\u201e10. Elbinsel Kunst- und Ateliertage\u201c<\/span> weiterlesen<\/a><\/p>\n","protected":false},"author":1,"featured_media":0,"comment_status":"closed","ping_status":"closed","sticky":false,"template":"","format":"standard","meta":{"_jetpack_memberships_contains_paid_content":false,"footnotes":""},"categories":[1],"tags":[],"class_list":["post-825","post","type-post","status-publish","format-standard","hentry","category-unkategorisiert"],"jetpack_featured_media_url":"","jetpack_sharing_enabled":true,"_links":{"self":[{"href":"https:\/\/eicks.de\/index.php\/wp-json\/wp\/v2\/posts\/825","targetHints":{"allow":["GET"]}}],"collection":[{"href":"https:\/\/eicks.de\/index.php\/wp-json\/wp\/v2\/posts"}],"about":[{"href":"https:\/\/eicks.de\/index.php\/wp-json\/wp\/v2\/types\/post"}],"author":[{"embeddable":true,"href":"https:\/\/eicks.de\/index.php\/wp-json\/wp\/v2\/users\/1"}],"replies":[{"embeddable":true,"href":"https:\/\/eicks.de\/index.php\/wp-json\/wp\/v2\/comments?post=825"}],"version-history":[{"count":3,"href":"https:\/\/eicks.de\/index.php\/wp-json\/wp\/v2\/posts\/825\/revisions"}],"predecessor-version":[{"id":831,"href":"https:\/\/eicks.de\/index.php\/wp-json\/wp\/v2\/posts\/825\/revisions\/831"}],"wp:attachment":[{"href":"https:\/\/eicks.de\/index.php\/wp-json\/wp\/v2\/media?parent=825"}],"wp:term":[{"taxonomy":"category","embeddable":true,"href":"https:\/\/eicks.de\/index.php\/wp-json\/wp\/v2\/categories?post=825"},{"taxonomy":"post_tag","embeddable":true,"href":"https:\/\/eicks.de\/index.php\/wp-json\/wp\/v2\/tags?post=825"}],"curies":[{"name":"wp","href":"https:\/\/api.w.org\/{rel}","templated":true}]}}